{"id":1208,"date":"2014-12-15T15:13:12","date_gmt":"2014-12-15T15:13:12","guid":{"rendered":"http:\/\/poloconsult.com\/?p=1208"},"modified":"2014-12-26T23:48:53","modified_gmt":"2014-12-26T23:48:53","slug":"les-chevaux-de-polo-a-lexposition-de-la-rural-la-125eme-exposition-agricole-de-palermo","status":"publish","type":"post","link":"https:\/\/www.spiritofpolo-press.com\/fr\/les-chevaux-de-polo-a-lexposition-de-la-rural-la-125eme-exposition-agricole-de-palermo\/","title":{"rendered":"Les chevaux de polo \u00e0 l\u2019exposition de \u00ab La Rural \u00bb La 125\u00e8me exposition agricole de Palermo"},"content":{"rendered":"<p>En deux semaines, cette exposition, organis\u00e9e chaque ann\u00e9e par la Soci\u00e9t\u00e9 Rurale argentine, a attir\u00e9 plus de 760 000 personnes, venues pour admirer ou acheter les nombreux animaux prim\u00e9s et rassembl\u00e9s dans les diff\u00e9rents pavillons. Ainsi, 160 animaux \u00a0-vaches laiti\u00e8res ou encore chevaux de polo- ont \u00e9t\u00e9 vendus durant ces 14 jours, ce qui repr\u00e9sente un record pour l&rsquo;\u00e9v\u00e9nement.<\/p>\n<p>Une vente aux ench\u00e8res de chevaux de polo, anim\u00e9e par Sebastian Bullrich et Marcos Heguy, joueur professionnel de handicap 10, s\u2019est tenue le dernier jour. \u00a0Sur le terrain de sable central \u00e9taient pr\u00e9sent\u00e9s un \u00e0 un les diff\u00e9rents chevaux en vente, d\u00e9crits selon leurs caract\u00e9ristiques physiques mais aussi psychologiques. Les spectateurs et acheteurs ont ainsi pu voir d\u00e9filer des chevaux dress\u00e9s \u00e0 la perfection, du cheval rapide, \u00e9lanc\u00e9 dit \u00ab tr\u00e8s sensible \u00bb \u00e0 la jument destin\u00e9e \u00e0 avoir des descendants performants. Le prix de vente maximum a \u00e9t\u00e9 atteint avec la jument de Guillermo Fornieres, de Balcarce, achet\u00e9e pour 25 000 usd par la compagnie El Sereno, de San Miguel del Monte.<\/p>\n<p>&nbsp;<\/p>\n<p>Cette 125\u00e8me exposition de \u00ab La Rural \u00bb restera dans les m\u00e9moires comme un grand succ\u00e8s, aussi bien en termes de la qualit\u00e9 des animaux expos\u00e9s que du nombre de ventes jusqu\u2019alors jamais atteint.<\/p>\n<p>Elsa T.<\/p>\n","protected":false},"excerpt":{"rendered":"<p>En deux semaines, cette exposition, organis\u00e9e chaque ann\u00e9e par la Soci\u00e9t\u00e9 Rurale argentine, a attir\u00e9 plus de 760 000 personnes, venues pour admirer ou acheter les nombreux animaux prim\u00e9s et rassembl\u00e9s dans les diff\u00e9rents pavillons. Ainsi, 160 animaux \u00a0-vaches laiti\u00e8res ou encore chevaux de polo- ont \u00e9t\u00e9 vendus durant ces 14 jours, ce qui repr\u00e9sente &hellip;<\/p>\n","protected":false},"author":2,"featured_media":523,"comment_status":"closed","ping_status":"closed","sticky":false,"template":"","format":"standard","meta":{"_exactmetrics_skip_tracking":false,"_exactmetrics_sitenote_active":false,"_exactmetrics_sitenote_note":"","_exactmetrics_sitenote_category":0,"footnotes":""},"categories":[464],"tags":[396,587,697,698,1064],"class_list":["post-1208","post","type-post","status-publish","format-standard","has-post-thumbnail","hentry","category-saviez-vous","tag-polo-fr","tag-chevaux","tag-palermo","tag-la-rural-fr","tag-polo-fr-2"],"yoast_head":"<!-- This site is optimized with the Yoast SEO plugin v27.2 - https:\/\/yoast.com\/product\/yoast-seo-wordpress\/ -->\n<title>Les chevaux de polo \u00e0 l\u2019exposition de \u00ab La Rural \u00bb La 125\u00e8me exposition agricole de Palermo - SPIRIT OF POLO &amp; JUMPING - PRESS<\/title>\n<meta name=\"robots\" content=\"index, follow, max-snippet:-1, max-image-preview:large, max-video-preview:-1\" \/>\n<link rel=\"canonical\" href=\"https:\/\/www.spiritofpolo-press.com\/fr\/les-chevaux-de-polo-a-lexposition-de-la-rural-la-125eme-exposition-agricole-de-palermo\/\" \/>\n<meta property=\"og:locale\" content=\"fr_FR\" \/>\n<meta property=\"og:type\" content=\"article\" \/>\n<meta property=\"og:title\" content=\"Les chevaux de polo \u00e0 l\u2019exposition de \u00ab La Rural \u00bb La 125\u00e8me exposition agricole de Palermo - SPIRIT OF POLO &amp; JUMPING - PRESS\" \/>\n<meta property=\"og:description\" content=\"En deux semaines, cette exposition, organis\u00e9e chaque ann\u00e9e par la Soci\u00e9t\u00e9 Rurale argentine, a attir\u00e9 plus de 760 000 personnes, venues pour admirer ou acheter les nombreux animaux prim\u00e9s et rassembl\u00e9s dans les diff\u00e9rents pavillons. Ainsi, 160 animaux \u00a0-vaches laiti\u00e8res ou encore chevaux de polo- ont \u00e9t\u00e9 vendus durant ces 14 jours, ce qui repr\u00e9sente &hellip;\" \/>\n<meta property=\"og:url\" content=\"https:\/\/www.spiritofpolo-press.com\/fr\/les-chevaux-de-polo-a-lexposition-de-la-rural-la-125eme-exposition-agricole-de-palermo\/\" \/>\n<meta property=\"og:site_name\" content=\"SPIRIT OF POLO &amp; JUMPING - PRESS\" \/>\n<meta property=\"article:published_time\" content=\"2014-12-15T15:13:12+00:00\" \/>\n<meta property=\"article:modified_time\" content=\"2014-12-26T23:48:53+00:00\" \/>\n<meta property=\"og:image\" content=\"https:\/\/www.spiritofpolo-press.com\/wp-content\/uploads\/2014\/12\/La-Rural1.jpg\" \/>\n\t<meta property=\"og:image:width\" content=\"752\" \/>\n\t<meta property=\"og:image:height\" content=\"532\" \/>\n\t<meta property=\"og:image:type\" content=\"image\/jpeg\" \/>\n<meta name=\"author\" content=\"autores\" \/>\n<meta name=\"twitter:card\" content=\"summary_large_image\" \/>\n<meta name=\"twitter:label1\" content=\"\u00c9crit par\" \/>\n\t<meta name=\"twitter:data1\" content=\"autores\" \/>\n\t<meta name=\"twitter:label2\" content=\"Dur\u00e9e de lecture estim\u00e9e\" \/>\n\t<meta name=\"twitter:data2\" content=\"1 minute\" \/>\n<script type=\"application\/ld+json\" class=\"yoast-schema-graph\">{\"@context\":\"https:\/\/schema.org\",\"@graph\":[{\"@type\":\"Article\",\"@id\":\"https:\/\/www.spiritofpolo-press.com\/fr\/les-chevaux-de-polo-a-lexposition-de-la-rural-la-125eme-exposition-agricole-de-palermo\/#article\",\"isPartOf\":{\"@id\":\"https:\/\/www.spiritofpolo-press.com\/fr\/les-chevaux-de-polo-a-lexposition-de-la-rural-la-125eme-exposition-agricole-de-palermo\/\"},\"author\":{\"name\":\"autores\",\"@id\":\"https:\/\/www.spiritofpolo-press.com\/#\/schema\/person\/3f63e091802760c6291c2cd464ecaffa\"},\"headline\":\"Les chevaux de polo \u00e0 l\u2019exposition de \u00ab La Rural \u00bb La 125\u00e8me exposition agricole de Palermo\",\"datePublished\":\"2014-12-15T15:13:12+00:00\",\"dateModified\":\"2014-12-26T23:48:53+00:00\",\"mainEntityOfPage\":{\"@id\":\"https:\/\/www.spiritofpolo-press.com\/fr\/les-chevaux-de-polo-a-lexposition-de-la-rural-la-125eme-exposition-agricole-de-palermo\/\"},\"wordCount\":236,\"image\":{\"@id\":\"https:\/\/www.spiritofpolo-press.com\/fr\/les-chevaux-de-polo-a-lexposition-de-la-rural-la-125eme-exposition-agricole-de-palermo\/#primaryimage\"},\"thumbnailUrl\":\"https:\/\/www.spiritofpolo-press.com\/wp-content\/uploads\/2014\/12\/La-Rural1.jpg\",\"keywords\":[\"polo\",\"Chevaux\",\"Palermo\",\"La Rural\",\"polo\"],\"articleSection\":[\"SAVIEZ-VOUS?\"],\"inLanguage\":\"fr-FR\"},{\"@type\":\"WebPage\",\"@id\":\"https:\/\/www.spiritofpolo-press.com\/fr\/les-chevaux-de-polo-a-lexposition-de-la-rural-la-125eme-exposition-agricole-de-palermo\/\",\"url\":\"https:\/\/www.spiritofpolo-press.com\/fr\/les-chevaux-de-polo-a-lexposition-de-la-rural-la-125eme-exposition-agricole-de-palermo\/\",\"name\":\"Les chevaux de polo \u00e0 l\u2019exposition de \u00ab La Rural \u00bb La 125\u00e8me exposition agricole de Palermo - SPIRIT OF POLO &amp; JUMPING - PRESS\",\"isPartOf\":{\"@id\":\"https:\/\/www.spiritofpolo-press.com\/#website\"},\"primaryImageOfPage\":{\"@id\":\"https:\/\/www.spiritofpolo-press.com\/fr\/les-chevaux-de-polo-a-lexposition-de-la-rural-la-125eme-exposition-agricole-de-palermo\/#primaryimage\"},\"image\":{\"@id\":\"https:\/\/www.spiritofpolo-press.com\/fr\/les-chevaux-de-polo-a-lexposition-de-la-rural-la-125eme-exposition-agricole-de-palermo\/#primaryimage\"},\"thumbnailUrl\":\"https:\/\/www.spiritofpolo-press.com\/wp-content\/uploads\/2014\/12\/La-Rural1.jpg\",\"datePublished\":\"2014-12-15T15:13:12+00:00\",\"dateModified\":\"2014-12-26T23:48:53+00:00\",\"author\":{\"@id\":\"https:\/\/www.spiritofpolo-press.com\/#\/schema\/person\/3f63e091802760c6291c2cd464ecaffa\"},\"breadcrumb\":{\"@id\":\"https:\/\/www.spiritofpolo-press.com\/fr\/les-chevaux-de-polo-a-lexposition-de-la-rural-la-125eme-exposition-agricole-de-palermo\/#breadcrumb\"},\"inLanguage\":\"fr-FR\",\"potentialAction\":[{\"@type\":\"ReadAction\",\"target\":[\"https:\/\/www.spiritofpolo-press.com\/fr\/les-chevaux-de-polo-a-lexposition-de-la-rural-la-125eme-exposition-agricole-de-palermo\/\"]}]},{\"@type\":\"ImageObject\",\"inLanguage\":\"fr-FR\",\"@id\":\"https:\/\/www.spiritofpolo-press.com\/fr\/les-chevaux-de-polo-a-lexposition-de-la-rural-la-125eme-exposition-agricole-de-palermo\/#primaryimage\",\"url\":\"https:\/\/www.spiritofpolo-press.com\/wp-content\/uploads\/2014\/12\/La-Rural1.jpg\",\"contentUrl\":\"https:\/\/www.spiritofpolo-press.com\/wp-content\/uploads\/2014\/12\/La-Rural1.jpg\",\"width\":752,\"height\":532},{\"@type\":\"BreadcrumbList\",\"@id\":\"https:\/\/www.spiritofpolo-press.com\/fr\/les-chevaux-de-polo-a-lexposition-de-la-rural-la-125eme-exposition-agricole-de-palermo\/#breadcrumb\",\"itemListElement\":[{\"@type\":\"ListItem\",\"position\":1,\"name\":\"Home\",\"item\":\"https:\/\/www.spiritofpolo-press.com\/fr\/\"},{\"@type\":\"ListItem\",\"position\":2,\"name\":\"Les chevaux de polo \u00e0 l\u2019exposition de \u00ab La Rural \u00bb La 125\u00e8me exposition agricole de Palermo\"}]},{\"@type\":\"WebSite\",\"@id\":\"https:\/\/www.spiritofpolo-press.com\/#website\",\"url\":\"https:\/\/www.spiritofpolo-press.com\/\",\"name\":\"SPIRIT OF POLO &amp; JUMPING - PRESS\",\"description\":\"Polo &amp; Jumping Worldwide Information &amp; Photos\",\"potentialAction\":[{\"@type\":\"SearchAction\",\"target\":{\"@type\":\"EntryPoint\",\"urlTemplate\":\"https:\/\/www.spiritofpolo-press.com\/?s={search_term_string}\"},\"query-input\":{\"@type\":\"PropertyValueSpecification\",\"valueRequired\":true,\"valueName\":\"search_term_string\"}}],\"inLanguage\":\"fr-FR\"},{\"@type\":\"Person\",\"@id\":\"https:\/\/www.spiritofpolo-press.com\/#\/schema\/person\/3f63e091802760c6291c2cd464ecaffa\",\"name\":\"autores\",\"image\":{\"@type\":\"ImageObject\",\"inLanguage\":\"fr-FR\",\"@id\":\"https:\/\/secure.gravatar.com\/avatar\/be7ea8384496361796c167fdd4aae98b460ca3019b5ad44cefdc3490c7fad490?s=96&d=mm&r=g\",\"url\":\"https:\/\/secure.gravatar.com\/avatar\/be7ea8384496361796c167fdd4aae98b460ca3019b5ad44cefdc3490c7fad490?s=96&d=mm&r=g\",\"contentUrl\":\"https:\/\/secure.gravatar.com\/avatar\/be7ea8384496361796c167fdd4aae98b460ca3019b5ad44cefdc3490c7fad490?s=96&d=mm&r=g\",\"caption\":\"autores\"},\"url\":\"https:\/\/www.spiritofpolo-press.com\/fr\/author\/autores\/\"}]}<\/script>\n<!-- \/ Yoast SEO plugin. -->","yoast_head_json":{"title":"Les chevaux de polo \u00e0 l\u2019exposition de \u00ab La Rural \u00bb La 125\u00e8me exposition agricole de Palermo - SPIRIT OF POLO &amp; JUMPING - PRESS","robots":{"index":"index","follow":"follow","max-snippet":"max-snippet:-1","max-image-preview":"max-image-preview:large","max-video-preview":"max-video-preview:-1"},"canonical":"https:\/\/www.spiritofpolo-press.com\/fr\/les-chevaux-de-polo-a-lexposition-de-la-rural-la-125eme-exposition-agricole-de-palermo\/","og_locale":"fr_FR","og_type":"article","og_title":"Les chevaux de polo \u00e0 l\u2019exposition de \u00ab La Rural \u00bb La 125\u00e8me exposition agricole de Palermo - SPIRIT OF POLO &amp; JUMPING - PRESS","og_description":"En deux semaines, cette exposition, organis\u00e9e chaque ann\u00e9e par la Soci\u00e9t\u00e9 Rurale argentine, a attir\u00e9 plus de 760 000 personnes, venues pour admirer ou acheter les nombreux animaux prim\u00e9s et rassembl\u00e9s dans les diff\u00e9rents pavillons. Ainsi, 160 animaux \u00a0-vaches laiti\u00e8res ou encore chevaux de polo- ont \u00e9t\u00e9 vendus durant ces 14 jours, ce qui repr\u00e9sente &hellip;","og_url":"https:\/\/www.spiritofpolo-press.com\/fr\/les-chevaux-de-polo-a-lexposition-de-la-rural-la-125eme-exposition-agricole-de-palermo\/","og_site_name":"SPIRIT OF POLO &amp; JUMPING - PRESS","article_published_time":"2014-12-15T15:13:12+00:00","article_modified_time":"2014-12-26T23:48:53+00:00","og_image":[{"width":752,"height":532,"url":"https:\/\/www.spiritofpolo-press.com\/wp-content\/uploads\/2014\/12\/La-Rural1.jpg","type":"image\/jpeg"}],"author":"autores","twitter_card":"summary_large_image","twitter_misc":{"\u00c9crit par":"autores","Dur\u00e9e de lecture estim\u00e9e":"1 minute"},"schema":{"@context":"https:\/\/schema.org","@graph":[{"@type":"Article","@id":"https:\/\/www.spiritofpolo-press.com\/fr\/les-chevaux-de-polo-a-lexposition-de-la-rural-la-125eme-exposition-agricole-de-palermo\/#article","isPartOf":{"@id":"https:\/\/www.spiritofpolo-press.com\/fr\/les-chevaux-de-polo-a-lexposition-de-la-rural-la-125eme-exposition-agricole-de-palermo\/"},"author":{"name":"autores","@id":"https:\/\/www.spiritofpolo-press.com\/#\/schema\/person\/3f63e091802760c6291c2cd464ecaffa"},"headline":"Les chevaux de polo \u00e0 l\u2019exposition de \u00ab La Rural \u00bb La 125\u00e8me exposition agricole de Palermo","datePublished":"2014-12-15T15:13:12+00:00","dateModified":"2014-12-26T23:48:53+00:00","mainEntityOfPage":{"@id":"https:\/\/www.spiritofpolo-press.com\/fr\/les-chevaux-de-polo-a-lexposition-de-la-rural-la-125eme-exposition-agricole-de-palermo\/"},"wordCount":236,"image":{"@id":"https:\/\/www.spiritofpolo-press.com\/fr\/les-chevaux-de-polo-a-lexposition-de-la-rural-la-125eme-exposition-agricole-de-palermo\/#primaryimage"},"thumbnailUrl":"https:\/\/www.spiritofpolo-press.com\/wp-content\/uploads\/2014\/12\/La-Rural1.jpg","keywords":["polo","Chevaux","Palermo","La Rural","polo"],"articleSection":["SAVIEZ-VOUS?"],"inLanguage":"fr-FR"},{"@type":"WebPage","@id":"https:\/\/www.spiritofpolo-press.com\/fr\/les-chevaux-de-polo-a-lexposition-de-la-rural-la-125eme-exposition-agricole-de-palermo\/","url":"https:\/\/www.spiritofpolo-press.com\/fr\/les-chevaux-de-polo-a-lexposition-de-la-rural-la-125eme-exposition-agricole-de-palermo\/","name":"Les chevaux de polo \u00e0 l\u2019exposition de \u00ab La Rural \u00bb La 125\u00e8me exposition agricole de Palermo - SPIRIT OF POLO &amp; JUMPING - PRESS","isPartOf":{"@id":"https:\/\/www.spiritofpolo-press.com\/#website"},"primaryImageOfPage":{"@id":"https:\/\/www.spiritofpolo-press.com\/fr\/les-chevaux-de-polo-a-lexposition-de-la-rural-la-125eme-exposition-agricole-de-palermo\/#primaryimage"},"image":{"@id":"https:\/\/www.spiritofpolo-press.com\/fr\/les-chevaux-de-polo-a-lexposition-de-la-rural-la-125eme-exposition-agricole-de-palermo\/#primaryimage"},"thumbnailUrl":"https:\/\/www.spiritofpolo-press.com\/wp-content\/uploads\/2014\/12\/La-Rural1.jpg","datePublished":"2014-12-15T15:13:12+00:00","dateModified":"2014-12-26T23:48:53+00:00","author":{"@id":"https:\/\/www.spiritofpolo-press.com\/#\/schema\/person\/3f63e091802760c6291c2cd464ecaffa"},"breadcrumb":{"@id":"https:\/\/www.spiritofpolo-press.com\/fr\/les-chevaux-de-polo-a-lexposition-de-la-rural-la-125eme-exposition-agricole-de-palermo\/#breadcrumb"},"inLanguage":"fr-FR","potentialAction":[{"@type":"ReadAction","target":["https:\/\/www.spiritofpolo-press.com\/fr\/les-chevaux-de-polo-a-lexposition-de-la-rural-la-125eme-exposition-agricole-de-palermo\/"]}]},{"@type":"ImageObject","inLanguage":"fr-FR","@id":"https:\/\/www.spiritofpolo-press.com\/fr\/les-chevaux-de-polo-a-lexposition-de-la-rural-la-125eme-exposition-agricole-de-palermo\/#primaryimage","url":"https:\/\/www.spiritofpolo-press.com\/wp-content\/uploads\/2014\/12\/La-Rural1.jpg","contentUrl":"https:\/\/www.spiritofpolo-press.com\/wp-content\/uploads\/2014\/12\/La-Rural1.jpg","width":752,"height":532},{"@type":"BreadcrumbList","@id":"https:\/\/www.spiritofpolo-press.com\/fr\/les-chevaux-de-polo-a-lexposition-de-la-rural-la-125eme-exposition-agricole-de-palermo\/#breadcrumb","itemListElement":[{"@type":"ListItem","position":1,"name":"Home","item":"https:\/\/www.spiritofpolo-press.com\/fr\/"},{"@type":"ListItem","position":2,"name":"Les chevaux de polo \u00e0 l\u2019exposition de \u00ab La Rural \u00bb La 125\u00e8me exposition agricole de Palermo"}]},{"@type":"WebSite","@id":"https:\/\/www.spiritofpolo-press.com\/#website","url":"https:\/\/www.spiritofpolo-press.com\/","name":"SPIRIT OF POLO &amp; JUMPING - PRESS","description":"Polo &amp; Jumping Worldwide Information &amp; Photos","potentialAction":[{"@type":"SearchAction","target":{"@type":"EntryPoint","urlTemplate":"https:\/\/www.spiritofpolo-press.com\/?s={search_term_string}"},"query-input":{"@type":"PropertyValueSpecification","valueRequired":true,"valueName":"search_term_string"}}],"inLanguage":"fr-FR"},{"@type":"Person","@id":"https:\/\/www.spiritofpolo-press.com\/#\/schema\/person\/3f63e091802760c6291c2cd464ecaffa","name":"autores","image":{"@type":"ImageObject","inLanguage":"fr-FR","@id":"https:\/\/secure.gravatar.com\/avatar\/be7ea8384496361796c167fdd4aae98b460ca3019b5ad44cefdc3490c7fad490?s=96&d=mm&r=g","url":"https:\/\/secure.gravatar.com\/avatar\/be7ea8384496361796c167fdd4aae98b460ca3019b5ad44cefdc3490c7fad490?s=96&d=mm&r=g","contentUrl":"https:\/\/secure.gravatar.com\/avatar\/be7ea8384496361796c167fdd4aae98b460ca3019b5ad44cefdc3490c7fad490?s=96&d=mm&r=g","caption":"autores"},"url":"https:\/\/www.spiritofpolo-press.com\/fr\/author\/autores\/"}]}},"_links":{"self":[{"href":"https:\/\/www.spiritofpolo-press.com\/fr\/wp-json\/wp\/v2\/posts\/1208","targetHints":{"allow":["GET"]}}],"collection":[{"href":"https:\/\/www.spiritofpolo-press.com\/fr\/wp-json\/wp\/v2\/posts"}],"about":[{"href":"https:\/\/www.spiritofpolo-press.com\/fr\/wp-json\/wp\/v2\/types\/post"}],"author":[{"embeddable":true,"href":"https:\/\/www.spiritofpolo-press.com\/fr\/wp-json\/wp\/v2\/users\/2"}],"replies":[{"embeddable":true,"href":"https:\/\/www.spiritofpolo-press.com\/fr\/wp-json\/wp\/v2\/comments?post=1208"}],"version-history":[{"count":1,"href":"https:\/\/www.spiritofpolo-press.com\/fr\/wp-json\/wp\/v2\/posts\/1208\/revisions"}],"predecessor-version":[{"id":1209,"href":"https:\/\/www.spiritofpolo-press.com\/fr\/wp-json\/wp\/v2\/posts\/1208\/revisions\/1209"}],"wp:featuredmedia":[{"embeddable":true,"href":"https:\/\/www.spiritofpolo-press.com\/fr\/wp-json\/wp\/v2\/media\/523"}],"wp:attachment":[{"href":"https:\/\/www.spiritofpolo-press.com\/fr\/wp-json\/wp\/v2\/media?parent=1208"}],"wp:term":[{"taxonomy":"category","embeddable":true,"href":"https:\/\/www.spiritofpolo-press.com\/fr\/wp-json\/wp\/v2\/categories?post=1208"},{"taxonomy":"post_tag","embeddable":true,"href":"https:\/\/www.spiritofpolo-press.com\/fr\/wp-json\/wp\/v2\/tags?post=1208"}],"curies":[{"name":"wp","href":"https:\/\/api.w.org\/{rel}","templated":true}]}}