{"id":4245,"date":"2015-07-30T13:06:58","date_gmt":"2015-07-30T13:06:58","guid":{"rendered":"http:\/\/poloconsult.com\/?p=4245"},"modified":"2015-08-12T13:12:57","modified_gmt":"2015-08-12T13:12:57","slug":"the-player-of-the-moment","status":"publish","type":"post","link":"https:\/\/www.spiritofpolo-press.com\/fr\/the-player-of-the-moment\/","title":{"rendered":"Le Junior du Mois"},"content":{"rendered":"<p>Ilan, 14 ans, a commenc\u00e9 a prendre des cours d&rsquo;\u00e9quitation a l&rsquo;\u00e2ge de 4 ans.<br \/>\nA 10 ans, Vincent Boubet lui propose de d\u00e9buter le polo, sport qu&rsquo;il pratique depuis au Centre Equestre de Chaville. <\/p>\n<p>Il a la m\u00eame \u00e9quipe depuis ses d\u00e9buts et c&rsquo;est ce qui, pour lui, fait leur force. Ils ont particip\u00e9 a beaucoup de comp\u00e9titions ensemble, se connaissent tr\u00e8s bien et se soutiennent dans les bons comme dans les mauvais moments.<br \/>\nAvec son \u00e9quipe, il a perdu les Championnats de France de 2014, et l&rsquo;a v\u00e9cu comme une grande frustration, ce qui le pousse \u00e0 jouer chaque match comme si c&rsquo;\u00e9tait le dernier.<br \/>\nIlan et son \u00e9quipe ont \u00e9galemnt particip\u00e9 aux Championnats de France en 2015 et ont remport\u00e9 la m\u00e9daille d&rsquo;Or!<\/p>\n<p>Pourquoi le polo? Car c&rsquo;est un sport ludique, en \u00e9troite relation avec le cheval, avec une grande marge de progression sur les plans techniques et tactiques, mais surtout un sport d&rsquo;\u00e9quipe.<br \/>\nSa position sur le terrain? Num\u00e9ro 1 car il adore marquer des goals!<br \/>\nAmbition? Avoir la chance de venir en Argentine pour y d\u00e9couvrir la culture du polo, rencontrer des joueurs et pouvoir apprendre d&rsquo;eux.<br \/>\nSon reve ? Devenir joueur de polo professionel! <\/p>\n\n<p>C&rsquo;est \u00e0 votre tour de devenir le Junior du Mois! N&rsquo;h\u00e9sitez pas \u00e0 nous envoyer vos informations \u00e0 l&rsquo;adresse suivante: info@poloconsult.com<\/p>\n","protected":false},"excerpt":{"rendered":"<p>Ilan, 14 ans, a commenc\u00e9 a prendre des cours d&rsquo;\u00e9quitation a l&rsquo;\u00e2ge de 4 ans. A 10 ans, Vincent Boubet lui propose de d\u00e9buter le polo, sport qu&rsquo;il pratique depuis au Centre Equestre de Chaville. Il a la m\u00eame \u00e9quipe depuis ses d\u00e9buts et c&rsquo;est ce qui, pour lui, fait leur force. Ils ont particip\u00e9 &hellip;<\/p>\n","protected":false},"author":1,"featured_media":4244,"comment_status":"closed","ping_status":"open","sticky":false,"template":"","format":"standard","meta":{"_exactmetrics_skip_tracking":false,"_exactmetrics_sitenote_active":false,"_exactmetrics_sitenote_note":"","_exactmetrics_sitenote_category":0,"footnotes":""},"categories":[493,489],"tags":[],"class_list":["post-4245","post","type-post","status-publish","format-standard","has-post-thumbnail","hentry","category-joueurs-et-equipes","category-decouverte"],"yoast_head":"<!-- This site is optimized with the Yoast SEO plugin v27.2 - https:\/\/yoast.com\/product\/yoast-seo-wordpress\/ -->\n<title>Le Junior du Mois - SPIRIT OF POLO &amp; JUMPING - PRESS<\/title>\n<meta name=\"robots\" content=\"index, follow, max-snippet:-1, max-image-preview:large, max-video-preview:-1\" \/>\n<link rel=\"canonical\" href=\"https:\/\/www.spiritofpolo-press.com\/fr\/the-player-of-the-moment\/\" \/>\n<meta property=\"og:locale\" content=\"fr_FR\" \/>\n<meta property=\"og:type\" content=\"article\" \/>\n<meta property=\"og:title\" content=\"Le Junior du Mois - SPIRIT OF POLO &amp; JUMPING - PRESS\" \/>\n<meta property=\"og:description\" content=\"Ilan, 14 ans, a commenc\u00e9 a prendre des cours d&rsquo;\u00e9quitation a l&rsquo;\u00e2ge de 4 ans. A 10 ans, Vincent Boubet lui propose de d\u00e9buter le polo, sport qu&rsquo;il pratique depuis au Centre Equestre de Chaville. Il a la m\u00eame \u00e9quipe depuis ses d\u00e9buts et c&rsquo;est ce qui, pour lui, fait leur force. Ils ont particip\u00e9 &hellip;\" \/>\n<meta property=\"og:url\" content=\"https:\/\/www.spiritofpolo-press.com\/fr\/the-player-of-the-moment\/\" \/>\n<meta property=\"og:site_name\" content=\"SPIRIT OF POLO &amp; JUMPING - PRESS\" \/>\n<meta property=\"article:author\" content=\"https:\/\/www.facebook.com\/Poloconsult\" \/>\n<meta property=\"article:published_time\" content=\"2015-07-30T13:06:58+00:00\" \/>\n<meta property=\"article:modified_time\" content=\"2015-08-12T13:12:57+00:00\" \/>\n<meta property=\"og:image\" content=\"https:\/\/www.spiritofpolo-press.com\/wp-content\/uploads\/2015\/07\/ilan.jpg\" \/>\n\t<meta property=\"og:image:width\" content=\"750\" \/>\n\t<meta property=\"og:image:height\" content=\"854\" \/>\n\t<meta property=\"og:image:type\" content=\"image\/jpeg\" \/>\n<meta name=\"author\" content=\"poloconsult\" \/>\n<meta name=\"twitter:card\" content=\"summary_large_image\" \/>\n<meta name=\"twitter:label1\" content=\"\u00c9crit par\" \/>\n\t<meta name=\"twitter:data1\" content=\"poloconsult\" \/>\n\t<meta name=\"twitter:label2\" content=\"Dur\u00e9e de lecture estim\u00e9e\" \/>\n\t<meta name=\"twitter:data2\" content=\"1 minute\" \/>\n<script type=\"application\/ld+json\" class=\"yoast-schema-graph\">{\"@context\":\"https:\/\/schema.org\",\"@graph\":[{\"@type\":\"Article\",\"@id\":\"https:\/\/www.spiritofpolo-press.com\/fr\/the-player-of-the-moment\/#article\",\"isPartOf\":{\"@id\":\"https:\/\/www.spiritofpolo-press.com\/fr\/the-player-of-the-moment\/\"},\"author\":{\"name\":\"poloconsult\",\"@id\":\"https:\/\/www.spiritofpolo-press.com\/#\/schema\/person\/e28450b465807799918cbf6f167dd5e4\"},\"headline\":\"Le Junior du Mois\",\"datePublished\":\"2015-07-30T13:06:58+00:00\",\"dateModified\":\"2015-08-12T13:12:57+00:00\",\"mainEntityOfPage\":{\"@id\":\"https:\/\/www.spiritofpolo-press.com\/fr\/the-player-of-the-moment\/\"},\"wordCount\":241,\"image\":{\"@id\":\"https:\/\/www.spiritofpolo-press.com\/fr\/the-player-of-the-moment\/#primaryimage\"},\"thumbnailUrl\":\"https:\/\/www.spiritofpolo-press.com\/wp-content\/uploads\/2015\/07\/ilan.jpg\",\"articleSection\":[\"Joueurs et \u00c9quipes\",\"D\u00c9COUVERTE\"],\"inLanguage\":\"fr-FR\"},{\"@type\":\"WebPage\",\"@id\":\"https:\/\/www.spiritofpolo-press.com\/fr\/the-player-of-the-moment\/\",\"url\":\"https:\/\/www.spiritofpolo-press.com\/fr\/the-player-of-the-moment\/\",\"name\":\"Le Junior du Mois - SPIRIT OF POLO &amp; JUMPING - PRESS\",\"isPartOf\":{\"@id\":\"https:\/\/www.spiritofpolo-press.com\/#website\"},\"primaryImageOfPage\":{\"@id\":\"https:\/\/www.spiritofpolo-press.com\/fr\/the-player-of-the-moment\/#primaryimage\"},\"image\":{\"@id\":\"https:\/\/www.spiritofpolo-press.com\/fr\/the-player-of-the-moment\/#primaryimage\"},\"thumbnailUrl\":\"https:\/\/www.spiritofpolo-press.com\/wp-content\/uploads\/2015\/07\/ilan.jpg\",\"datePublished\":\"2015-07-30T13:06:58+00:00\",\"dateModified\":\"2015-08-12T13:12:57+00:00\",\"author\":{\"@id\":\"https:\/\/www.spiritofpolo-press.com\/#\/schema\/person\/e28450b465807799918cbf6f167dd5e4\"},\"breadcrumb\":{\"@id\":\"https:\/\/www.spiritofpolo-press.com\/fr\/the-player-of-the-moment\/#breadcrumb\"},\"inLanguage\":\"fr-FR\",\"potentialAction\":[{\"@type\":\"ReadAction\",\"target\":[\"https:\/\/www.spiritofpolo-press.com\/fr\/the-player-of-the-moment\/\"]}]},{\"@type\":\"ImageObject\",\"inLanguage\":\"fr-FR\",\"@id\":\"https:\/\/www.spiritofpolo-press.com\/fr\/the-player-of-the-moment\/#primaryimage\",\"url\":\"https:\/\/www.spiritofpolo-press.com\/wp-content\/uploads\/2015\/07\/ilan.jpg\",\"contentUrl\":\"https:\/\/www.spiritofpolo-press.com\/wp-content\/uploads\/2015\/07\/ilan.jpg\",\"width\":750,\"height\":854},{\"@type\":\"BreadcrumbList\",\"@id\":\"https:\/\/www.spiritofpolo-press.com\/fr\/the-player-of-the-moment\/#breadcrumb\",\"itemListElement\":[{\"@type\":\"ListItem\",\"position\":1,\"name\":\"Home\",\"item\":\"https:\/\/www.spiritofpolo-press.com\/fr\/\"},{\"@type\":\"ListItem\",\"position\":2,\"name\":\"Le Junior du Mois\"}]},{\"@type\":\"WebSite\",\"@id\":\"https:\/\/www.spiritofpolo-press.com\/#website\",\"url\":\"https:\/\/www.spiritofpolo-press.com\/\",\"name\":\"SPIRIT OF POLO &amp; JUMPING - PRESS\",\"description\":\"Polo &amp; Jumping Worldwide Information &amp; Photos\",\"potentialAction\":[{\"@type\":\"SearchAction\",\"target\":{\"@type\":\"EntryPoint\",\"urlTemplate\":\"https:\/\/www.spiritofpolo-press.com\/?s={search_term_string}\"},\"query-input\":{\"@type\":\"PropertyValueSpecification\",\"valueRequired\":true,\"valueName\":\"search_term_string\"}}],\"inLanguage\":\"fr-FR\"},{\"@type\":\"Person\",\"@id\":\"https:\/\/www.spiritofpolo-press.com\/#\/schema\/person\/e28450b465807799918cbf6f167dd5e4\",\"name\":\"poloconsult\",\"image\":{\"@type\":\"ImageObject\",\"inLanguage\":\"fr-FR\",\"@id\":\"https:\/\/secure.gravatar.com\/avatar\/bd4c3d89fa6d49a9b4d9244579028badf711ffe055565c7786d709eff6c42fdf?s=96&d=mm&r=g\",\"url\":\"https:\/\/secure.gravatar.com\/avatar\/bd4c3d89fa6d49a9b4d9244579028badf711ffe055565c7786d709eff6c42fdf?s=96&d=mm&r=g\",\"contentUrl\":\"https:\/\/secure.gravatar.com\/avatar\/bd4c3d89fa6d49a9b4d9244579028badf711ffe055565c7786d709eff6c42fdf?s=96&d=mm&r=g\",\"caption\":\"poloconsult\"},\"sameAs\":[\"http:\/\/www.poloconsult.com\",\"https:\/\/www.facebook.com\/Poloconsult\"],\"url\":\"https:\/\/www.spiritofpolo-press.com\/fr\/author\/poloconsult\/\"}]}<\/script>\n<!-- \/ Yoast SEO plugin. -->","yoast_head_json":{"title":"Le Junior du Mois - SPIRIT OF POLO &amp; JUMPING - PRESS","robots":{"index":"index","follow":"follow","max-snippet":"max-snippet:-1","max-image-preview":"max-image-preview:large","max-video-preview":"max-video-preview:-1"},"canonical":"https:\/\/www.spiritofpolo-press.com\/fr\/the-player-of-the-moment\/","og_locale":"fr_FR","og_type":"article","og_title":"Le Junior du Mois - SPIRIT OF POLO &amp; JUMPING - PRESS","og_description":"Ilan, 14 ans, a commenc\u00e9 a prendre des cours d&rsquo;\u00e9quitation a l&rsquo;\u00e2ge de 4 ans. A 10 ans, Vincent Boubet lui propose de d\u00e9buter le polo, sport qu&rsquo;il pratique depuis au Centre Equestre de Chaville. Il a la m\u00eame \u00e9quipe depuis ses d\u00e9buts et c&rsquo;est ce qui, pour lui, fait leur force. Ils ont particip\u00e9 &hellip;","og_url":"https:\/\/www.spiritofpolo-press.com\/fr\/the-player-of-the-moment\/","og_site_name":"SPIRIT OF POLO &amp; JUMPING - PRESS","article_author":"https:\/\/www.facebook.com\/Poloconsult","article_published_time":"2015-07-30T13:06:58+00:00","article_modified_time":"2015-08-12T13:12:57+00:00","og_image":[{"width":750,"height":854,"url":"https:\/\/www.spiritofpolo-press.com\/wp-content\/uploads\/2015\/07\/ilan.jpg","type":"image\/jpeg"}],"author":"poloconsult","twitter_card":"summary_large_image","twitter_misc":{"\u00c9crit par":"poloconsult","Dur\u00e9e de lecture estim\u00e9e":"1 minute"},"schema":{"@context":"https:\/\/schema.org","@graph":[{"@type":"Article","@id":"https:\/\/www.spiritofpolo-press.com\/fr\/the-player-of-the-moment\/#article","isPartOf":{"@id":"https:\/\/www.spiritofpolo-press.com\/fr\/the-player-of-the-moment\/"},"author":{"name":"poloconsult","@id":"https:\/\/www.spiritofpolo-press.com\/#\/schema\/person\/e28450b465807799918cbf6f167dd5e4"},"headline":"Le Junior du Mois","datePublished":"2015-07-30T13:06:58+00:00","dateModified":"2015-08-12T13:12:57+00:00","mainEntityOfPage":{"@id":"https:\/\/www.spiritofpolo-press.com\/fr\/the-player-of-the-moment\/"},"wordCount":241,"image":{"@id":"https:\/\/www.spiritofpolo-press.com\/fr\/the-player-of-the-moment\/#primaryimage"},"thumbnailUrl":"https:\/\/www.spiritofpolo-press.com\/wp-content\/uploads\/2015\/07\/ilan.jpg","articleSection":["Joueurs et \u00c9quipes","D\u00c9COUVERTE"],"inLanguage":"fr-FR"},{"@type":"WebPage","@id":"https:\/\/www.spiritofpolo-press.com\/fr\/the-player-of-the-moment\/","url":"https:\/\/www.spiritofpolo-press.com\/fr\/the-player-of-the-moment\/","name":"Le Junior du Mois - SPIRIT OF POLO &amp; JUMPING - PRESS","isPartOf":{"@id":"https:\/\/www.spiritofpolo-press.com\/#website"},"primaryImageOfPage":{"@id":"https:\/\/www.spiritofpolo-press.com\/fr\/the-player-of-the-moment\/#primaryimage"},"image":{"@id":"https:\/\/www.spiritofpolo-press.com\/fr\/the-player-of-the-moment\/#primaryimage"},"thumbnailUrl":"https:\/\/www.spiritofpolo-press.com\/wp-content\/uploads\/2015\/07\/ilan.jpg","datePublished":"2015-07-30T13:06:58+00:00","dateModified":"2015-08-12T13:12:57+00:00","author":{"@id":"https:\/\/www.spiritofpolo-press.com\/#\/schema\/person\/e28450b465807799918cbf6f167dd5e4"},"breadcrumb":{"@id":"https:\/\/www.spiritofpolo-press.com\/fr\/the-player-of-the-moment\/#breadcrumb"},"inLanguage":"fr-FR","potentialAction":[{"@type":"ReadAction","target":["https:\/\/www.spiritofpolo-press.com\/fr\/the-player-of-the-moment\/"]}]},{"@type":"ImageObject","inLanguage":"fr-FR","@id":"https:\/\/www.spiritofpolo-press.com\/fr\/the-player-of-the-moment\/#primaryimage","url":"https:\/\/www.spiritofpolo-press.com\/wp-content\/uploads\/2015\/07\/ilan.jpg","contentUrl":"https:\/\/www.spiritofpolo-press.com\/wp-content\/uploads\/2015\/07\/ilan.jpg","width":750,"height":854},{"@type":"BreadcrumbList","@id":"https:\/\/www.spiritofpolo-press.com\/fr\/the-player-of-the-moment\/#breadcrumb","itemListElement":[{"@type":"ListItem","position":1,"name":"Home","item":"https:\/\/www.spiritofpolo-press.com\/fr\/"},{"@type":"ListItem","position":2,"name":"Le Junior du Mois"}]},{"@type":"WebSite","@id":"https:\/\/www.spiritofpolo-press.com\/#website","url":"https:\/\/www.spiritofpolo-press.com\/","name":"SPIRIT OF POLO &amp; JUMPING - PRESS","description":"Polo &amp; Jumping Worldwide Information &amp; Photos","potentialAction":[{"@type":"SearchAction","target":{"@type":"EntryPoint","urlTemplate":"https:\/\/www.spiritofpolo-press.com\/?s={search_term_string}"},"query-input":{"@type":"PropertyValueSpecification","valueRequired":true,"valueName":"search_term_string"}}],"inLanguage":"fr-FR"},{"@type":"Person","@id":"https:\/\/www.spiritofpolo-press.com\/#\/schema\/person\/e28450b465807799918cbf6f167dd5e4","name":"poloconsult","image":{"@type":"ImageObject","inLanguage":"fr-FR","@id":"https:\/\/secure.gravatar.com\/avatar\/bd4c3d89fa6d49a9b4d9244579028badf711ffe055565c7786d709eff6c42fdf?s=96&d=mm&r=g","url":"https:\/\/secure.gravatar.com\/avatar\/bd4c3d89fa6d49a9b4d9244579028badf711ffe055565c7786d709eff6c42fdf?s=96&d=mm&r=g","contentUrl":"https:\/\/secure.gravatar.com\/avatar\/bd4c3d89fa6d49a9b4d9244579028badf711ffe055565c7786d709eff6c42fdf?s=96&d=mm&r=g","caption":"poloconsult"},"sameAs":["http:\/\/www.poloconsult.com","https:\/\/www.facebook.com\/Poloconsult"],"url":"https:\/\/www.spiritofpolo-press.com\/fr\/author\/poloconsult\/"}]}},"_links":{"self":[{"href":"https:\/\/www.spiritofpolo-press.com\/fr\/wp-json\/wp\/v2\/posts\/4245","targetHints":{"allow":["GET"]}}],"collection":[{"href":"https:\/\/www.spiritofpolo-press.com\/fr\/wp-json\/wp\/v2\/posts"}],"about":[{"href":"https:\/\/www.spiritofpolo-press.com\/fr\/wp-json\/wp\/v2\/types\/post"}],"author":[{"embeddable":true,"href":"https:\/\/www.spiritofpolo-press.com\/fr\/wp-json\/wp\/v2\/users\/1"}],"replies":[{"embeddable":true,"href":"https:\/\/www.spiritofpolo-press.com\/fr\/wp-json\/wp\/v2\/comments?post=4245"}],"version-history":[{"count":6,"href":"https:\/\/www.spiritofpolo-press.com\/fr\/wp-json\/wp\/v2\/posts\/4245\/revisions"}],"predecessor-version":[{"id":4445,"href":"https:\/\/www.spiritofpolo-press.com\/fr\/wp-json\/wp\/v2\/posts\/4245\/revisions\/4445"}],"wp:featuredmedia":[{"embeddable":true,"href":"https:\/\/www.spiritofpolo-press.com\/fr\/wp-json\/wp\/v2\/media\/4244"}],"wp:attachment":[{"href":"https:\/\/www.spiritofpolo-press.com\/fr\/wp-json\/wp\/v2\/media?parent=4245"}],"wp:term":[{"taxonomy":"category","embeddable":true,"href":"https:\/\/www.spiritofpolo-press.com\/fr\/wp-json\/wp\/v2\/categories?post=4245"},{"taxonomy":"post_tag","embeddable":true,"href":"https:\/\/www.spiritofpolo-press.com\/fr\/wp-json\/wp\/v2\/tags?post=4245"}],"curies":[{"name":"wp","href":"https:\/\/api.w.org\/{rel}","templated":true}]}}