{"id":5534,"date":"2015-12-08T00:30:44","date_gmt":"2015-12-08T00:30:44","guid":{"rendered":"http:\/\/poloconsult.com\/fr\/?p=5534"},"modified":"2016-03-21T17:44:59","modified_gmt":"2016-03-21T17:44:59","slug":"les-diables-bleus-wins-historic-carlos-gracida-legends-of-polo-carlitos-gracida-named-mvp","status":"publish","type":"post","link":"https:\/\/www.spiritofpolo-press.com\/fr\/les-diables-bleus-wins-historic-carlos-gracida-legends-of-polo-carlitos-gracida-named-mvp\/","title":{"rendered":"Les Diables Bleus remporte historique Carlos Gracida Legends Of Polo; Carlitos Gracida Nomm\u00e9 MVP"},"content":{"rendered":"<p>WELLINGTON, FL\u2014 30 novembre 2015\u2014Pendant une journ\u00e9e historique du polo, l\u2019une des familles les plus sacr\u00e9s du sport s\u2019est r\u00e9unie sur un terrain de polo pour honorer le l\u00e9gendaire Carlos Gracida.<\/p>\n<p>Deux g\u00e9n\u00e9rations de Gracida, se sont r\u00e9unies pour rendre hommage au grand joueur de polo de la meilleure fa\u00e7on.<\/p>\n<p>Huit membres de la famille, dont les fr\u00e8res, les oncles et cousins, ont jou\u00e9 samedi dans le Carlos Gracida Legends of Polo devant un public du monde entier, y compris  Mexique.<\/p>\n<p>Gracida, originaire de Mexico, r\u00e9sident Wellington et joueur du Grand Champions, est d\u00e9c\u00e9d\u00e9 tragiquement en F\u00e9vrier 2014 \u00e0 53 ans.<\/p>\n<p>En savoir plus sur le Carlos Gracida Legends of Polo Game cliquez ici <\/p>\n","protected":false},"excerpt":{"rendered":"<p>WELLINGTON, FL\u2014 30 novembre 2015\u2014Pendant une journ\u00e9e historique du polo, l\u2019une des familles les plus sacr\u00e9s du sport s\u2019est r\u00e9unie sur un terrain de polo pour honorer le l\u00e9gendaire Carlos Gracida. Deux g\u00e9n\u00e9rations de Gracida, se sont r\u00e9unies pour rendre hommage au grand joueur de polo de la meilleure fa\u00e7on. Huit membres de la famille, &hellip;<\/p>\n","protected":false},"author":1,"featured_media":5535,"comment_status":"closed","ping_status":"open","sticky":false,"template":"","format":"standard","meta":{"_exactmetrics_skip_tracking":false,"_exactmetrics_sitenote_active":false,"_exactmetrics_sitenote_note":"","_exactmetrics_sitenote_category":0,"footnotes":""},"categories":[475,477],"tags":[1551],"class_list":["post-5534","post","type-post","status-publish","format-standard","has-post-thumbnail","hentry","category-news-fr","category-tournois","tag-carlos-gracida"],"yoast_head":"<!-- This site is optimized with the Yoast SEO plugin v27.2 - https:\/\/yoast.com\/product\/yoast-seo-wordpress\/ -->\n<title>Les Diables Bleus remporte historique Carlos Gracida Legends Of Polo; Carlitos Gracida Nomm\u00e9 MVP - SPIRIT OF POLO &amp; JUMPING - PRESS<\/title>\n<meta name=\"robots\" content=\"index, follow, max-snippet:-1, max-image-preview:large, max-video-preview:-1\" \/>\n<link rel=\"canonical\" href=\"https:\/\/www.spiritofpolo-press.com\/fr\/les-diables-bleus-wins-historic-carlos-gracida-legends-of-polo-carlitos-gracida-named-mvp\/\" \/>\n<meta property=\"og:locale\" content=\"fr_FR\" \/>\n<meta property=\"og:type\" content=\"article\" \/>\n<meta property=\"og:title\" content=\"Les Diables Bleus remporte historique Carlos Gracida Legends Of Polo; Carlitos Gracida Nomm\u00e9 MVP - SPIRIT OF POLO &amp; JUMPING - PRESS\" \/>\n<meta property=\"og:description\" content=\"WELLINGTON, FL\u2014 30 novembre 2015\u2014Pendant une journ\u00e9e historique du polo, l\u2019une des familles les plus sacr\u00e9s du sport s\u2019est r\u00e9unie sur un terrain de polo pour honorer le l\u00e9gendaire Carlos Gracida. Deux g\u00e9n\u00e9rations de Gracida, se sont r\u00e9unies pour rendre hommage au grand joueur de polo de la meilleure fa\u00e7on. Huit membres de la famille, &hellip;\" \/>\n<meta property=\"og:url\" content=\"https:\/\/www.spiritofpolo-press.com\/fr\/les-diables-bleus-wins-historic-carlos-gracida-legends-of-polo-carlitos-gracida-named-mvp\/\" \/>\n<meta property=\"og:site_name\" content=\"SPIRIT OF POLO &amp; JUMPING - PRESS\" \/>\n<meta property=\"article:author\" content=\"https:\/\/www.facebook.com\/Poloconsult\" \/>\n<meta property=\"article:published_time\" content=\"2015-12-08T00:30:44+00:00\" \/>\n<meta property=\"article:modified_time\" content=\"2016-03-21T17:44:59+00:00\" \/>\n<meta property=\"og:image\" content=\"https:\/\/www.spiritofpolo-press.com\/wp-content\/uploads\/2015\/12\/static1.squarespace.com_.jpg\" \/>\n\t<meta property=\"og:image:width\" content=\"750\" \/>\n\t<meta property=\"og:image:height\" content=\"500\" \/>\n\t<meta property=\"og:image:type\" content=\"image\/jpeg\" \/>\n<meta name=\"author\" content=\"poloconsult\" \/>\n<meta name=\"twitter:card\" content=\"summary_large_image\" \/>\n<meta name=\"twitter:label1\" content=\"\u00c9crit par\" \/>\n\t<meta name=\"twitter:data1\" content=\"poloconsult\" \/>\n\t<meta name=\"twitter:label2\" content=\"Dur\u00e9e de lecture estim\u00e9e\" \/>\n\t<meta name=\"twitter:data2\" content=\"1 minute\" \/>\n<script type=\"application\/ld+json\" class=\"yoast-schema-graph\">{\"@context\":\"https:\/\/schema.org\",\"@graph\":[{\"@type\":\"Article\",\"@id\":\"https:\/\/www.spiritofpolo-press.com\/fr\/les-diables-bleus-wins-historic-carlos-gracida-legends-of-polo-carlitos-gracida-named-mvp\/#article\",\"isPartOf\":{\"@id\":\"https:\/\/www.spiritofpolo-press.com\/fr\/les-diables-bleus-wins-historic-carlos-gracida-legends-of-polo-carlitos-gracida-named-mvp\/\"},\"author\":{\"name\":\"poloconsult\",\"@id\":\"https:\/\/www.spiritofpolo-press.com\/#\/schema\/person\/e28450b465807799918cbf6f167dd5e4\"},\"headline\":\"Les Diables Bleus remporte historique Carlos Gracida Legends Of Polo; Carlitos Gracida Nomm\u00e9 MVP\",\"datePublished\":\"2015-12-08T00:30:44+00:00\",\"dateModified\":\"2016-03-21T17:44:59+00:00\",\"mainEntityOfPage\":{\"@id\":\"https:\/\/www.spiritofpolo-press.com\/fr\/les-diables-bleus-wins-historic-carlos-gracida-legends-of-polo-carlitos-gracida-named-mvp\/\"},\"wordCount\":139,\"image\":{\"@id\":\"https:\/\/www.spiritofpolo-press.com\/fr\/les-diables-bleus-wins-historic-carlos-gracida-legends-of-polo-carlitos-gracida-named-mvp\/#primaryimage\"},\"thumbnailUrl\":\"https:\/\/www.spiritofpolo-press.com\/wp-content\/uploads\/2015\/12\/static1.squarespace.com_.jpg\",\"keywords\":[\"Carlos Gracida\"],\"articleSection\":[\"NEWS\",\"Tournois\"],\"inLanguage\":\"fr-FR\"},{\"@type\":\"WebPage\",\"@id\":\"https:\/\/www.spiritofpolo-press.com\/fr\/les-diables-bleus-wins-historic-carlos-gracida-legends-of-polo-carlitos-gracida-named-mvp\/\",\"url\":\"https:\/\/www.spiritofpolo-press.com\/fr\/les-diables-bleus-wins-historic-carlos-gracida-legends-of-polo-carlitos-gracida-named-mvp\/\",\"name\":\"Les Diables Bleus remporte historique Carlos Gracida Legends Of Polo; Carlitos Gracida Nomm\u00e9 MVP - SPIRIT OF POLO &amp; JUMPING - PRESS\",\"isPartOf\":{\"@id\":\"https:\/\/www.spiritofpolo-press.com\/#website\"},\"primaryImageOfPage\":{\"@id\":\"https:\/\/www.spiritofpolo-press.com\/fr\/les-diables-bleus-wins-historic-carlos-gracida-legends-of-polo-carlitos-gracida-named-mvp\/#primaryimage\"},\"image\":{\"@id\":\"https:\/\/www.spiritofpolo-press.com\/fr\/les-diables-bleus-wins-historic-carlos-gracida-legends-of-polo-carlitos-gracida-named-mvp\/#primaryimage\"},\"thumbnailUrl\":\"https:\/\/www.spiritofpolo-press.com\/wp-content\/uploads\/2015\/12\/static1.squarespace.com_.jpg\",\"datePublished\":\"2015-12-08T00:30:44+00:00\",\"dateModified\":\"2016-03-21T17:44:59+00:00\",\"author\":{\"@id\":\"https:\/\/www.spiritofpolo-press.com\/#\/schema\/person\/e28450b465807799918cbf6f167dd5e4\"},\"breadcrumb\":{\"@id\":\"https:\/\/www.spiritofpolo-press.com\/fr\/les-diables-bleus-wins-historic-carlos-gracida-legends-of-polo-carlitos-gracida-named-mvp\/#breadcrumb\"},\"inLanguage\":\"fr-FR\",\"potentialAction\":[{\"@type\":\"ReadAction\",\"target\":[\"https:\/\/www.spiritofpolo-press.com\/fr\/les-diables-bleus-wins-historic-carlos-gracida-legends-of-polo-carlitos-gracida-named-mvp\/\"]}]},{\"@type\":\"ImageObject\",\"inLanguage\":\"fr-FR\",\"@id\":\"https:\/\/www.spiritofpolo-press.com\/fr\/les-diables-bleus-wins-historic-carlos-gracida-legends-of-polo-carlitos-gracida-named-mvp\/#primaryimage\",\"url\":\"https:\/\/www.spiritofpolo-press.com\/wp-content\/uploads\/2015\/12\/static1.squarespace.com_.jpg\",\"contentUrl\":\"https:\/\/www.spiritofpolo-press.com\/wp-content\/uploads\/2015\/12\/static1.squarespace.com_.jpg\",\"width\":750,\"height\":500},{\"@type\":\"BreadcrumbList\",\"@id\":\"https:\/\/www.spiritofpolo-press.com\/fr\/les-diables-bleus-wins-historic-carlos-gracida-legends-of-polo-carlitos-gracida-named-mvp\/#breadcrumb\",\"itemListElement\":[{\"@type\":\"ListItem\",\"position\":1,\"name\":\"Home\",\"item\":\"https:\/\/www.spiritofpolo-press.com\/fr\/\"},{\"@type\":\"ListItem\",\"position\":2,\"name\":\"Les Diables Bleus remporte historique Carlos Gracida Legends Of Polo; Carlitos Gracida Nomm\u00e9 MVP\"}]},{\"@type\":\"WebSite\",\"@id\":\"https:\/\/www.spiritofpolo-press.com\/#website\",\"url\":\"https:\/\/www.spiritofpolo-press.com\/\",\"name\":\"SPIRIT OF POLO &amp; JUMPING - PRESS\",\"description\":\"Polo &amp; Jumping Worldwide Information &amp; Photos\",\"potentialAction\":[{\"@type\":\"SearchAction\",\"target\":{\"@type\":\"EntryPoint\",\"urlTemplate\":\"https:\/\/www.spiritofpolo-press.com\/?s={search_term_string}\"},\"query-input\":{\"@type\":\"PropertyValueSpecification\",\"valueRequired\":true,\"valueName\":\"search_term_string\"}}],\"inLanguage\":\"fr-FR\"},{\"@type\":\"Person\",\"@id\":\"https:\/\/www.spiritofpolo-press.com\/#\/schema\/person\/e28450b465807799918cbf6f167dd5e4\",\"name\":\"poloconsult\",\"image\":{\"@type\":\"ImageObject\",\"inLanguage\":\"fr-FR\",\"@id\":\"https:\/\/secure.gravatar.com\/avatar\/bd4c3d89fa6d49a9b4d9244579028badf711ffe055565c7786d709eff6c42fdf?s=96&d=mm&r=g\",\"url\":\"https:\/\/secure.gravatar.com\/avatar\/bd4c3d89fa6d49a9b4d9244579028badf711ffe055565c7786d709eff6c42fdf?s=96&d=mm&r=g\",\"contentUrl\":\"https:\/\/secure.gravatar.com\/avatar\/bd4c3d89fa6d49a9b4d9244579028badf711ffe055565c7786d709eff6c42fdf?s=96&d=mm&r=g\",\"caption\":\"poloconsult\"},\"sameAs\":[\"http:\/\/www.poloconsult.com\",\"https:\/\/www.facebook.com\/Poloconsult\"],\"url\":\"https:\/\/www.spiritofpolo-press.com\/fr\/author\/poloconsult\/\"}]}<\/script>\n<!-- \/ Yoast SEO plugin. -->","yoast_head_json":{"title":"Les Diables Bleus remporte historique Carlos Gracida Legends Of Polo; Carlitos Gracida Nomm\u00e9 MVP - SPIRIT OF POLO &amp; JUMPING - PRESS","robots":{"index":"index","follow":"follow","max-snippet":"max-snippet:-1","max-image-preview":"max-image-preview:large","max-video-preview":"max-video-preview:-1"},"canonical":"https:\/\/www.spiritofpolo-press.com\/fr\/les-diables-bleus-wins-historic-carlos-gracida-legends-of-polo-carlitos-gracida-named-mvp\/","og_locale":"fr_FR","og_type":"article","og_title":"Les Diables Bleus remporte historique Carlos Gracida Legends Of Polo; Carlitos Gracida Nomm\u00e9 MVP - SPIRIT OF POLO &amp; JUMPING - PRESS","og_description":"WELLINGTON, FL\u2014 30 novembre 2015\u2014Pendant une journ\u00e9e historique du polo, l\u2019une des familles les plus sacr\u00e9s du sport s\u2019est r\u00e9unie sur un terrain de polo pour honorer le l\u00e9gendaire Carlos Gracida. Deux g\u00e9n\u00e9rations de Gracida, se sont r\u00e9unies pour rendre hommage au grand joueur de polo de la meilleure fa\u00e7on. Huit membres de la famille, &hellip;","og_url":"https:\/\/www.spiritofpolo-press.com\/fr\/les-diables-bleus-wins-historic-carlos-gracida-legends-of-polo-carlitos-gracida-named-mvp\/","og_site_name":"SPIRIT OF POLO &amp; JUMPING - PRESS","article_author":"https:\/\/www.facebook.com\/Poloconsult","article_published_time":"2015-12-08T00:30:44+00:00","article_modified_time":"2016-03-21T17:44:59+00:00","og_image":[{"width":750,"height":500,"url":"https:\/\/www.spiritofpolo-press.com\/wp-content\/uploads\/2015\/12\/static1.squarespace.com_.jpg","type":"image\/jpeg"}],"author":"poloconsult","twitter_card":"summary_large_image","twitter_misc":{"\u00c9crit par":"poloconsult","Dur\u00e9e de lecture estim\u00e9e":"1 minute"},"schema":{"@context":"https:\/\/schema.org","@graph":[{"@type":"Article","@id":"https:\/\/www.spiritofpolo-press.com\/fr\/les-diables-bleus-wins-historic-carlos-gracida-legends-of-polo-carlitos-gracida-named-mvp\/#article","isPartOf":{"@id":"https:\/\/www.spiritofpolo-press.com\/fr\/les-diables-bleus-wins-historic-carlos-gracida-legends-of-polo-carlitos-gracida-named-mvp\/"},"author":{"name":"poloconsult","@id":"https:\/\/www.spiritofpolo-press.com\/#\/schema\/person\/e28450b465807799918cbf6f167dd5e4"},"headline":"Les Diables Bleus remporte historique Carlos Gracida Legends Of Polo; Carlitos Gracida Nomm\u00e9 MVP","datePublished":"2015-12-08T00:30:44+00:00","dateModified":"2016-03-21T17:44:59+00:00","mainEntityOfPage":{"@id":"https:\/\/www.spiritofpolo-press.com\/fr\/les-diables-bleus-wins-historic-carlos-gracida-legends-of-polo-carlitos-gracida-named-mvp\/"},"wordCount":139,"image":{"@id":"https:\/\/www.spiritofpolo-press.com\/fr\/les-diables-bleus-wins-historic-carlos-gracida-legends-of-polo-carlitos-gracida-named-mvp\/#primaryimage"},"thumbnailUrl":"https:\/\/www.spiritofpolo-press.com\/wp-content\/uploads\/2015\/12\/static1.squarespace.com_.jpg","keywords":["Carlos Gracida"],"articleSection":["NEWS","Tournois"],"inLanguage":"fr-FR"},{"@type":"WebPage","@id":"https:\/\/www.spiritofpolo-press.com\/fr\/les-diables-bleus-wins-historic-carlos-gracida-legends-of-polo-carlitos-gracida-named-mvp\/","url":"https:\/\/www.spiritofpolo-press.com\/fr\/les-diables-bleus-wins-historic-carlos-gracida-legends-of-polo-carlitos-gracida-named-mvp\/","name":"Les Diables Bleus remporte historique Carlos Gracida Legends Of Polo; Carlitos Gracida Nomm\u00e9 MVP - SPIRIT OF POLO &amp; JUMPING - PRESS","isPartOf":{"@id":"https:\/\/www.spiritofpolo-press.com\/#website"},"primaryImageOfPage":{"@id":"https:\/\/www.spiritofpolo-press.com\/fr\/les-diables-bleus-wins-historic-carlos-gracida-legends-of-polo-carlitos-gracida-named-mvp\/#primaryimage"},"image":{"@id":"https:\/\/www.spiritofpolo-press.com\/fr\/les-diables-bleus-wins-historic-carlos-gracida-legends-of-polo-carlitos-gracida-named-mvp\/#primaryimage"},"thumbnailUrl":"https:\/\/www.spiritofpolo-press.com\/wp-content\/uploads\/2015\/12\/static1.squarespace.com_.jpg","datePublished":"2015-12-08T00:30:44+00:00","dateModified":"2016-03-21T17:44:59+00:00","author":{"@id":"https:\/\/www.spiritofpolo-press.com\/#\/schema\/person\/e28450b465807799918cbf6f167dd5e4"},"breadcrumb":{"@id":"https:\/\/www.spiritofpolo-press.com\/fr\/les-diables-bleus-wins-historic-carlos-gracida-legends-of-polo-carlitos-gracida-named-mvp\/#breadcrumb"},"inLanguage":"fr-FR","potentialAction":[{"@type":"ReadAction","target":["https:\/\/www.spiritofpolo-press.com\/fr\/les-diables-bleus-wins-historic-carlos-gracida-legends-of-polo-carlitos-gracida-named-mvp\/"]}]},{"@type":"ImageObject","inLanguage":"fr-FR","@id":"https:\/\/www.spiritofpolo-press.com\/fr\/les-diables-bleus-wins-historic-carlos-gracida-legends-of-polo-carlitos-gracida-named-mvp\/#primaryimage","url":"https:\/\/www.spiritofpolo-press.com\/wp-content\/uploads\/2015\/12\/static1.squarespace.com_.jpg","contentUrl":"https:\/\/www.spiritofpolo-press.com\/wp-content\/uploads\/2015\/12\/static1.squarespace.com_.jpg","width":750,"height":500},{"@type":"BreadcrumbList","@id":"https:\/\/www.spiritofpolo-press.com\/fr\/les-diables-bleus-wins-historic-carlos-gracida-legends-of-polo-carlitos-gracida-named-mvp\/#breadcrumb","itemListElement":[{"@type":"ListItem","position":1,"name":"Home","item":"https:\/\/www.spiritofpolo-press.com\/fr\/"},{"@type":"ListItem","position":2,"name":"Les Diables Bleus remporte historique Carlos Gracida Legends Of Polo; Carlitos Gracida Nomm\u00e9 MVP"}]},{"@type":"WebSite","@id":"https:\/\/www.spiritofpolo-press.com\/#website","url":"https:\/\/www.spiritofpolo-press.com\/","name":"SPIRIT OF POLO &amp; JUMPING - PRESS","description":"Polo &amp; Jumping Worldwide Information &amp; Photos","potentialAction":[{"@type":"SearchAction","target":{"@type":"EntryPoint","urlTemplate":"https:\/\/www.spiritofpolo-press.com\/?s={search_term_string}"},"query-input":{"@type":"PropertyValueSpecification","valueRequired":true,"valueName":"search_term_string"}}],"inLanguage":"fr-FR"},{"@type":"Person","@id":"https:\/\/www.spiritofpolo-press.com\/#\/schema\/person\/e28450b465807799918cbf6f167dd5e4","name":"poloconsult","image":{"@type":"ImageObject","inLanguage":"fr-FR","@id":"https:\/\/secure.gravatar.com\/avatar\/bd4c3d89fa6d49a9b4d9244579028badf711ffe055565c7786d709eff6c42fdf?s=96&d=mm&r=g","url":"https:\/\/secure.gravatar.com\/avatar\/bd4c3d89fa6d49a9b4d9244579028badf711ffe055565c7786d709eff6c42fdf?s=96&d=mm&r=g","contentUrl":"https:\/\/secure.gravatar.com\/avatar\/bd4c3d89fa6d49a9b4d9244579028badf711ffe055565c7786d709eff6c42fdf?s=96&d=mm&r=g","caption":"poloconsult"},"sameAs":["http:\/\/www.poloconsult.com","https:\/\/www.facebook.com\/Poloconsult"],"url":"https:\/\/www.spiritofpolo-press.com\/fr\/author\/poloconsult\/"}]}},"_links":{"self":[{"href":"https:\/\/www.spiritofpolo-press.com\/fr\/wp-json\/wp\/v2\/posts\/5534","targetHints":{"allow":["GET"]}}],"collection":[{"href":"https:\/\/www.spiritofpolo-press.com\/fr\/wp-json\/wp\/v2\/posts"}],"about":[{"href":"https:\/\/www.spiritofpolo-press.com\/fr\/wp-json\/wp\/v2\/types\/post"}],"author":[{"embeddable":true,"href":"https:\/\/www.spiritofpolo-press.com\/fr\/wp-json\/wp\/v2\/users\/1"}],"replies":[{"embeddable":true,"href":"https:\/\/www.spiritofpolo-press.com\/fr\/wp-json\/wp\/v2\/comments?post=5534"}],"version-history":[{"count":10,"href":"https:\/\/www.spiritofpolo-press.com\/fr\/wp-json\/wp\/v2\/posts\/5534\/revisions"}],"predecessor-version":[{"id":5624,"href":"https:\/\/www.spiritofpolo-press.com\/fr\/wp-json\/wp\/v2\/posts\/5534\/revisions\/5624"}],"wp:featuredmedia":[{"embeddable":true,"href":"https:\/\/www.spiritofpolo-press.com\/fr\/wp-json\/wp\/v2\/media\/5535"}],"wp:attachment":[{"href":"https:\/\/www.spiritofpolo-press.com\/fr\/wp-json\/wp\/v2\/media?parent=5534"}],"wp:term":[{"taxonomy":"category","embeddable":true,"href":"https:\/\/www.spiritofpolo-press.com\/fr\/wp-json\/wp\/v2\/categories?post=5534"},{"taxonomy":"post_tag","embeddable":true,"href":"https:\/\/www.spiritofpolo-press.com\/fr\/wp-json\/wp\/v2\/tags?post=5534"}],"curies":[{"name":"wp","href":"https:\/\/api.w.org\/{rel}","templated":true}]}}